{"id":410,"date":"2018-09-19T19:12:25","date_gmt":"2018-09-19T17:12:25","guid":{"rendered":"https:\/\/vieagrenoble.fr\/?p=410"},"modified":"2018-09-19T19:12:29","modified_gmt":"2018-09-19T17:12:29","slug":"observatoire-qualite-de-lair-ete-2018","status":"publish","type":"post","link":"https:\/\/vieagrenoble.fr\/index.php\/2018\/09\/19\/observatoire-qualite-de-lair-ete-2018\/","title":{"rendered":"Observatoire qualit\u00e9 de l&rsquo;air &#8211; Et\u00e9 2018"},"content":{"rendered":"<p>Aujourd&rsquo;hui, c&rsquo;est <a href=\"https:\/\/www.atmo-auvergnerhonealpes.fr\/actualite\/journee-nationale-de-la-qualite-de-lair-le-19-septembre-consultez-le-programme-en-auvergne\">la 4\u00e8me journ\u00e9e nationale de la qualit\u00e9 de l&rsquo;air<\/a> et le lancement du portail #OpenData des agences ATMO fran\u00e7aises. Heureusement que notre agence <a href=\"http:\/\/www.air-rhonealpes.fr\/donnees\/acces-par-station\">Air Auvergne Rh\u00f4ne-Alpes<\/a>\u00a0publie d\u00e9j\u00e0 ses donn\u00e9es pour suivre les bilans mensuels qualit\u00e9 de l&rsquo;air sur 3 stations de l&rsquo;agglom\u00e9ration grenobloise, Rocade Sud, Grands Boulevards et Caserne De Bonne.<\/p>\n<p>Toutes les donn\u00e9es et repr\u00e9sentations sont disponibles en lecture sur ce\u00a0<a href=\"https:\/\/goo.gl\/1XkaoW\">tableur partag\u00e9<\/a>. Vous pouvez les sauvegarder pour vous m\u00eame utiliser les donn\u00e9es d&rsquo;Air AURA et faire vos propres repr\u00e9sentations, ou refaire vous m\u00eame l&rsquo;extraction des donn\u00e9es en tableur sur <a href=\"https:\/\/www.atmo-auvergnerhonealpes.fr\/donnees\/telecharger\">cette page d&rsquo;Air AURA<\/a>.<\/p>\n<p>Ci-dessous la synth\u00e8se pour le mois d&rsquo;ao\u00fbt 2018 sous forme d&rsquo;un tableau comparant le mois courant, au mois pass\u00e9, au m\u00eame mois de l&rsquo;an pass\u00e9 et \u00e0 la moyenne depuis 10 ans.<\/p>\n\n\n<div class=\"wp-block-image\"><figure class=\"aligncenter\"><img loading=\"lazy\" decoding=\"async\" width=\"513\" height=\"451\" src=\"https:\/\/vieagrenoble.fr\/wp-content\/uploads\/2018\/09\/ao\u00fbt-2018.png\" alt=\"\" class=\"wp-image-415\" srcset=\"https:\/\/vieagrenoble.fr\/wp-content\/uploads\/2018\/09\/ao\u00fbt-2018.png 513w, https:\/\/vieagrenoble.fr\/wp-content\/uploads\/2018\/09\/ao\u00fbt-2018-300x264.png 300w, https:\/\/vieagrenoble.fr\/wp-content\/uploads\/2018\/09\/ao\u00fbt-2018-370x325.png 370w\" sizes=\"auto, (max-width: 513px) 100vw, 513px\" \/><\/figure><\/div>\n\n\n\n<p>Ce mois d&rsquo;ao\u00fbt est particuli\u00e8rement bon c\u00f4t\u00e9 qualit\u00e9 de l&rsquo;air avec partout des valeurs en dessous des seuils d&rsquo;alertes. Et c&rsquo;est m\u00eame un mois record, puisque c&rsquo;est le mois le plus bas mesur\u00e9 depuis 2007 ! Ceci est confirm\u00e9 par la repr\u00e9sentation graphique du NO2 ci-dessous sur Grands Boulevards et Rocade Sud.<\/p>\n\n\n\n<div class=\"wp-block-image\"><figure class=\"aligncenter\"><img loading=\"lazy\" decoding=\"async\" width=\"850\" height=\"475\" src=\"https:\/\/vieagrenoble.fr\/wp-content\/uploads\/2018\/09\/Grd-Blvd-ao\u00fbt-2018.png\" alt=\"\" class=\"wp-image-416\" srcset=\"https:\/\/vieagrenoble.fr\/wp-content\/uploads\/2018\/09\/Grd-Blvd-ao\u00fbt-2018.png 850w, https:\/\/vieagrenoble.fr\/wp-content\/uploads\/2018\/09\/Grd-Blvd-ao\u00fbt-2018-300x168.png 300w, https:\/\/vieagrenoble.fr\/wp-content\/uploads\/2018\/09\/Grd-Blvd-ao\u00fbt-2018-768x429.png 768w, https:\/\/vieagrenoble.fr\/wp-content\/uploads\/2018\/09\/Grd-Blvd-ao\u00fbt-2018-640x358.png 640w, https:\/\/vieagrenoble.fr\/wp-content\/uploads\/2018\/09\/Grd-Blvd-ao\u00fbt-2018-370x207.png 370w\" sizes=\"auto, (max-width: 850px) 100vw, 850px\" \/><\/figure><\/div>\n\n\n\n<div class=\"wp-block-image\"><figure class=\"aligncenter\"><img loading=\"lazy\" decoding=\"async\" width=\"850\" height=\"475\" src=\"https:\/\/vieagrenoble.fr\/wp-content\/uploads\/2018\/09\/Rocade-ao\u00fbt-2018.png\" alt=\"\" class=\"wp-image-417\" srcset=\"https:\/\/vieagrenoble.fr\/wp-content\/uploads\/2018\/09\/Rocade-ao\u00fbt-2018.png 850w, https:\/\/vieagrenoble.fr\/wp-content\/uploads\/2018\/09\/Rocade-ao\u00fbt-2018-300x168.png 300w, https:\/\/vieagrenoble.fr\/wp-content\/uploads\/2018\/09\/Rocade-ao\u00fbt-2018-768x429.png 768w, https:\/\/vieagrenoble.fr\/wp-content\/uploads\/2018\/09\/Rocade-ao\u00fbt-2018-640x358.png 640w, https:\/\/vieagrenoble.fr\/wp-content\/uploads\/2018\/09\/Rocade-ao\u00fbt-2018-370x207.png 370w\" sizes=\"auto, (max-width: 850px) 100vw, 850px\" \/><\/figure><\/div>\n\n\n\n<p>L&rsquo;\u00e9volution temporelle du dioxyde d&rsquo;azote depuis 11 ans continue de montrer des variations saisonni\u00e8res et on confirme encore la non validit\u00e9 de la\u00a0#FakeNews\u00a0<a href=\"https:\/\/vieagrenoble.fr\/index.php\/2017\/10\/22\/fakenews-3-reference\/\">d\u00e9j\u00e0 comment\u00e9e<\/a>\u00a0en 2017. On ne constate toujours pas de pic li\u00e9 au nouveau plan de circulation ! Et on continue d&rsquo;observer une am\u00e9lioration au fil des ann\u00e9es avec les efforts entrepris par les industriels, les am\u00e9liorations des objets que nous consommons, nos habitudes de consommation et surtout un changement dans nos habitudes de d\u00e9placements !<\/p>\n\n\n\n<p>Il reste \u00e0 pr\u00e9parer l&rsquo;hiver c\u00f4t\u00e9 particules fines et <a href=\"https:\/\/www.lametro.fr\/281-la-prime-air-bois.htm\">La M\u00e9tro propose justement de doubler la prime<\/a> pour inciter au renouvellement de son chauffage bois vers du mat\u00e9riel moderne limitant les \u00e9missions.<\/p>\n\n\n\n<div align=\"center\">\n\t<blockquote class=\"twitter-tweet\" data-lang=\"fr\"><p lang=\"fr\" dir=\"ltr\">Pour la qualit\u00e9 de l\u2019air, on acc\u00e9l\u00e8re ! La Metropole de Grenoble double la prime de conversion pour r\u00e9duire les \u00e9missions de chauffage au bois <a href=\"https:\/\/twitter.com\/hashtag\/TousActeurs?src=hash&amp;ref_src=twsrc%5Etfw\">#TousActeurs<\/a> <a href=\"https:\/\/twitter.com\/hashtag\/OnAvance?src=hash&amp;ref_src=twsrc%5Etfw\">#OnAvance<\/a> <a href=\"https:\/\/twitter.com\/JDutroncy?ref_src=twsrc%5Etfw\">@JDutroncy<\/a> <a href=\"https:\/\/t.co\/Ry74YuyKno\">pic.twitter.com\/Ry74YuyKno<\/a><\/p>&mdash; Yann Mongaburu (@YMongaburu) <a href=\"https:\/\/twitter.com\/YMongaburu\/status\/1042440444301504512?ref_src=twsrc%5Etfw\">19 septembre 2018<\/a><\/blockquote>\n<script async src=\"https:\/\/platform.twitter.com\/widgets.js\" charset=\"utf-8\"><\/script>\n<\/div>\n","protected":false},"excerpt":{"rendered":"<p>Aujourd&rsquo;hui, c&rsquo;est la 4\u00e8me journ\u00e9e nationale de la qualit\u00e9 de l&rsquo;air et le lancement du portail #OpenData des agences ATMO fran\u00e7aises. Heureusement que notre agence Air Auvergne Rh\u00f4ne-Alpes\u00a0publie d\u00e9j\u00e0 ses donn\u00e9es pour suivre les bilans[&#8230;]<\/p>\n","protected":false},"author":2,"featured_media":419,"comment_status":"open","ping_status":"open","sticky":false,"template":"","format":"standard","meta":{"_exactmetrics_skip_tracking":false,"_exactmetrics_sitenote_active":false,"_exactmetrics_sitenote_note":"","_exactmetrics_sitenote_category":0,"footnotes":""},"categories":[24],"tags":[25,23],"class_list":["post-410","post","type-post","status-publish","format-standard","has-post-thumbnail","hentry","category-qualite-de-lair","tag-observatoire","tag-qualite-de-lair"],"yoast_head":"<!-- This site is optimized with the Yoast SEO plugin v26.8 - https:\/\/yoast.com\/product\/yoast-seo-wordpress\/ -->\n<title>Observatoire qualit\u00e9 de l&#039;air - Et\u00e9 2018 - Vie \u00e0 Grenoble<\/title>\n<meta name=\"robots\" content=\"index, follow, max-snippet:-1, max-image-preview:large, max-video-preview:-1\" \/>\n<link rel=\"canonical\" href=\"https:\/\/vieagrenoble.fr\/index.php\/2018\/09\/19\/observatoire-qualite-de-lair-ete-2018\/\" \/>\n<meta property=\"og:locale\" content=\"fr_FR\" \/>\n<meta property=\"og:type\" content=\"article\" \/>\n<meta property=\"og:title\" content=\"Observatoire qualit\u00e9 de l&#039;air - Et\u00e9 2018 - Vie \u00e0 Grenoble\" \/>\n<meta property=\"og:description\" content=\"Aujourd&rsquo;hui, c&rsquo;est la 4\u00e8me journ\u00e9e nationale de la qualit\u00e9 de l&rsquo;air et le lancement du portail #OpenData des agences ATMO fran\u00e7aises. Heureusement que notre agence Air Auvergne Rh\u00f4ne-Alpes\u00a0publie d\u00e9j\u00e0 ses donn\u00e9es pour suivre les bilans[...]\" \/>\n<meta property=\"og:url\" content=\"https:\/\/vieagrenoble.fr\/index.php\/2018\/09\/19\/observatoire-qualite-de-lair-ete-2018\/\" \/>\n<meta property=\"og:site_name\" content=\"Vie \u00e0 Grenoble\" \/>\n<meta property=\"article:published_time\" content=\"2018-09-19T17:12:25+00:00\" \/>\n<meta property=\"article:modified_time\" content=\"2018-09-19T17:12:29+00:00\" \/>\n<meta property=\"og:image\" content=\"https:\/\/vieagrenoble.fr\/wp-content\/uploads\/2018\/09\/20180829_065840.jpg\" \/>\n\t<meta property=\"og:image:width\" content=\"4032\" \/>\n\t<meta property=\"og:image:height\" content=\"2268\" \/>\n\t<meta property=\"og:image:type\" content=\"image\/jpeg\" \/>\n<meta name=\"author\" content=\"Vie \u00e0 Grenoble\" \/>\n<meta name=\"twitter:card\" content=\"summary_large_image\" \/>\n<meta name=\"twitter:label1\" content=\"\u00c9crit par\" \/>\n\t<meta name=\"twitter:data1\" content=\"Vie \u00e0 Grenoble\" \/>\n\t<meta name=\"twitter:label2\" content=\"Dur\u00e9e de lecture estim\u00e9e\" \/>\n\t<meta name=\"twitter:data2\" content=\"2 minutes\" \/>\n<script type=\"application\/ld+json\" class=\"yoast-schema-graph\">{\"@context\":\"https:\/\/schema.org\",\"@graph\":[{\"@type\":\"Article\",\"@id\":\"https:\/\/vieagrenoble.fr\/index.php\/2018\/09\/19\/observatoire-qualite-de-lair-ete-2018\/#article\",\"isPartOf\":{\"@id\":\"https:\/\/vieagrenoble.fr\/index.php\/2018\/09\/19\/observatoire-qualite-de-lair-ete-2018\/\"},\"author\":{\"name\":\"Vie \u00e0 Grenoble\",\"@id\":\"https:\/\/vieagrenoble.fr\/#\/schema\/person\/797d1e0f926c2c9feaf65d24dd778967\"},\"headline\":\"Observatoire qualit\u00e9 de l&rsquo;air &#8211; Et\u00e9 2018\",\"datePublished\":\"2018-09-19T17:12:25+00:00\",\"dateModified\":\"2018-09-19T17:12:29+00:00\",\"mainEntityOfPage\":{\"@id\":\"https:\/\/vieagrenoble.fr\/index.php\/2018\/09\/19\/observatoire-qualite-de-lair-ete-2018\/\"},\"wordCount\":383,\"commentCount\":0,\"publisher\":{\"@id\":\"https:\/\/vieagrenoble.fr\/#\/schema\/person\/797d1e0f926c2c9feaf65d24dd778967\"},\"image\":{\"@id\":\"https:\/\/vieagrenoble.fr\/index.php\/2018\/09\/19\/observatoire-qualite-de-lair-ete-2018\/#primaryimage\"},\"thumbnailUrl\":\"https:\/\/vieagrenoble.fr\/wp-content\/uploads\/2018\/09\/20180829_065840.jpg\",\"keywords\":[\"Observatoire\",\"Qualit\u00e9 de l'air\"],\"articleSection\":[\"Qualit\u00e9 de l'air\"],\"inLanguage\":\"fr-FR\",\"potentialAction\":[{\"@type\":\"CommentAction\",\"name\":\"Comment\",\"target\":[\"https:\/\/vieagrenoble.fr\/index.php\/2018\/09\/19\/observatoire-qualite-de-lair-ete-2018\/#respond\"]}]},{\"@type\":\"WebPage\",\"@id\":\"https:\/\/vieagrenoble.fr\/index.php\/2018\/09\/19\/observatoire-qualite-de-lair-ete-2018\/\",\"url\":\"https:\/\/vieagrenoble.fr\/index.php\/2018\/09\/19\/observatoire-qualite-de-lair-ete-2018\/\",\"name\":\"Observatoire qualit\u00e9 de l'air - Et\u00e9 2018 - Vie \u00e0 Grenoble\",\"isPartOf\":{\"@id\":\"https:\/\/vieagrenoble.fr\/#website\"},\"primaryImageOfPage\":{\"@id\":\"https:\/\/vieagrenoble.fr\/index.php\/2018\/09\/19\/observatoire-qualite-de-lair-ete-2018\/#primaryimage\"},\"image\":{\"@id\":\"https:\/\/vieagrenoble.fr\/index.php\/2018\/09\/19\/observatoire-qualite-de-lair-ete-2018\/#primaryimage\"},\"thumbnailUrl\":\"https:\/\/vieagrenoble.fr\/wp-content\/uploads\/2018\/09\/20180829_065840.jpg\",\"datePublished\":\"2018-09-19T17:12:25+00:00\",\"dateModified\":\"2018-09-19T17:12:29+00:00\",\"breadcrumb\":{\"@id\":\"https:\/\/vieagrenoble.fr\/index.php\/2018\/09\/19\/observatoire-qualite-de-lair-ete-2018\/#breadcrumb\"},\"inLanguage\":\"fr-FR\",\"potentialAction\":[{\"@type\":\"ReadAction\",\"target\":[\"https:\/\/vieagrenoble.fr\/index.php\/2018\/09\/19\/observatoire-qualite-de-lair-ete-2018\/\"]}]},{\"@type\":\"ImageObject\",\"inLanguage\":\"fr-FR\",\"@id\":\"https:\/\/vieagrenoble.fr\/index.php\/2018\/09\/19\/observatoire-qualite-de-lair-ete-2018\/#primaryimage\",\"url\":\"https:\/\/vieagrenoble.fr\/wp-content\/uploads\/2018\/09\/20180829_065840.jpg\",\"contentUrl\":\"https:\/\/vieagrenoble.fr\/wp-content\/uploads\/2018\/09\/20180829_065840.jpg\",\"width\":4032,\"height\":2268,\"caption\":\"Grenoble couch\u00e9 de soleil\"},{\"@type\":\"BreadcrumbList\",\"@id\":\"https:\/\/vieagrenoble.fr\/index.php\/2018\/09\/19\/observatoire-qualite-de-lair-ete-2018\/#breadcrumb\",\"itemListElement\":[{\"@type\":\"ListItem\",\"position\":1,\"name\":\"Accueil\",\"item\":\"https:\/\/vieagrenoble.fr\/\"},{\"@type\":\"ListItem\",\"position\":2,\"name\":\"Observatoire qualit\u00e9 de l&rsquo;air &#8211; Et\u00e9 2018\"}]},{\"@type\":\"WebSite\",\"@id\":\"https:\/\/vieagrenoble.fr\/#website\",\"url\":\"https:\/\/vieagrenoble.fr\/\",\"name\":\"Vie \u00e0 Grenoble\",\"description\":\"Partageons les bonnes vibrations\",\"publisher\":{\"@id\":\"https:\/\/vieagrenoble.fr\/#\/schema\/person\/797d1e0f926c2c9feaf65d24dd778967\"},\"potentialAction\":[{\"@type\":\"SearchAction\",\"target\":{\"@type\":\"EntryPoint\",\"urlTemplate\":\"https:\/\/vieagrenoble.fr\/?s={search_term_string}\"},\"query-input\":{\"@type\":\"PropertyValueSpecification\",\"valueRequired\":true,\"valueName\":\"search_term_string\"}}],\"inLanguage\":\"fr-FR\"},{\"@type\":[\"Person\",\"Organization\"],\"@id\":\"https:\/\/vieagrenoble.fr\/#\/schema\/person\/797d1e0f926c2c9feaf65d24dd778967\",\"name\":\"Vie \u00e0 Grenoble\",\"image\":{\"@type\":\"ImageObject\",\"inLanguage\":\"fr-FR\",\"@id\":\"https:\/\/vieagrenoble.fr\/#\/schema\/person\/image\/\",\"url\":\"https:\/\/vieagrenoble.fr\/wp-content\/uploads\/2017\/11\/VieAGrenoble.png\",\"contentUrl\":\"https:\/\/vieagrenoble.fr\/wp-content\/uploads\/2017\/11\/VieAGrenoble.png\",\"width\":100,\"height\":100,\"caption\":\"Vie \u00e0 Grenoble\"},\"logo\":{\"@id\":\"https:\/\/vieagrenoble.fr\/#\/schema\/person\/image\/\"},\"sameAs\":[\"http:\/\/vieagrenoble.fr\/\"],\"url\":\"https:\/\/vieagrenoble.fr\/index.php\/author\/samyterje\/\"}]}<\/script>\n<!-- \/ Yoast SEO plugin. -->","yoast_head_json":{"title":"Observatoire qualit\u00e9 de l'air - Et\u00e9 2018 - Vie \u00e0 Grenoble","robots":{"index":"index","follow":"follow","max-snippet":"max-snippet:-1","max-image-preview":"max-image-preview:large","max-video-preview":"max-video-preview:-1"},"canonical":"https:\/\/vieagrenoble.fr\/index.php\/2018\/09\/19\/observatoire-qualite-de-lair-ete-2018\/","og_locale":"fr_FR","og_type":"article","og_title":"Observatoire qualit\u00e9 de l'air - Et\u00e9 2018 - Vie \u00e0 Grenoble","og_description":"Aujourd&rsquo;hui, c&rsquo;est la 4\u00e8me journ\u00e9e nationale de la qualit\u00e9 de l&rsquo;air et le lancement du portail #OpenData des agences ATMO fran\u00e7aises. Heureusement que notre agence Air Auvergne Rh\u00f4ne-Alpes\u00a0publie d\u00e9j\u00e0 ses donn\u00e9es pour suivre les bilans[...]","og_url":"https:\/\/vieagrenoble.fr\/index.php\/2018\/09\/19\/observatoire-qualite-de-lair-ete-2018\/","og_site_name":"Vie \u00e0 Grenoble","article_published_time":"2018-09-19T17:12:25+00:00","article_modified_time":"2018-09-19T17:12:29+00:00","og_image":[{"width":4032,"height":2268,"url":"https:\/\/vieagrenoble.fr\/wp-content\/uploads\/2018\/09\/20180829_065840.jpg","type":"image\/jpeg"}],"author":"Vie \u00e0 Grenoble","twitter_card":"summary_large_image","twitter_misc":{"\u00c9crit par":"Vie \u00e0 Grenoble","Dur\u00e9e de lecture estim\u00e9e":"2 minutes"},"schema":{"@context":"https:\/\/schema.org","@graph":[{"@type":"Article","@id":"https:\/\/vieagrenoble.fr\/index.php\/2018\/09\/19\/observatoire-qualite-de-lair-ete-2018\/#article","isPartOf":{"@id":"https:\/\/vieagrenoble.fr\/index.php\/2018\/09\/19\/observatoire-qualite-de-lair-ete-2018\/"},"author":{"name":"Vie \u00e0 Grenoble","@id":"https:\/\/vieagrenoble.fr\/#\/schema\/person\/797d1e0f926c2c9feaf65d24dd778967"},"headline":"Observatoire qualit\u00e9 de l&rsquo;air &#8211; Et\u00e9 2018","datePublished":"2018-09-19T17:12:25+00:00","dateModified":"2018-09-19T17:12:29+00:00","mainEntityOfPage":{"@id":"https:\/\/vieagrenoble.fr\/index.php\/2018\/09\/19\/observatoire-qualite-de-lair-ete-2018\/"},"wordCount":383,"commentCount":0,"publisher":{"@id":"https:\/\/vieagrenoble.fr\/#\/schema\/person\/797d1e0f926c2c9feaf65d24dd778967"},"image":{"@id":"https:\/\/vieagrenoble.fr\/index.php\/2018\/09\/19\/observatoire-qualite-de-lair-ete-2018\/#primaryimage"},"thumbnailUrl":"https:\/\/vieagrenoble.fr\/wp-content\/uploads\/2018\/09\/20180829_065840.jpg","keywords":["Observatoire","Qualit\u00e9 de l'air"],"articleSection":["Qualit\u00e9 de l'air"],"inLanguage":"fr-FR","potentialAction":[{"@type":"CommentAction","name":"Comment","target":["https:\/\/vieagrenoble.fr\/index.php\/2018\/09\/19\/observatoire-qualite-de-lair-ete-2018\/#respond"]}]},{"@type":"WebPage","@id":"https:\/\/vieagrenoble.fr\/index.php\/2018\/09\/19\/observatoire-qualite-de-lair-ete-2018\/","url":"https:\/\/vieagrenoble.fr\/index.php\/2018\/09\/19\/observatoire-qualite-de-lair-ete-2018\/","name":"Observatoire qualit\u00e9 de l'air - Et\u00e9 2018 - Vie \u00e0 Grenoble","isPartOf":{"@id":"https:\/\/vieagrenoble.fr\/#website"},"primaryImageOfPage":{"@id":"https:\/\/vieagrenoble.fr\/index.php\/2018\/09\/19\/observatoire-qualite-de-lair-ete-2018\/#primaryimage"},"image":{"@id":"https:\/\/vieagrenoble.fr\/index.php\/2018\/09\/19\/observatoire-qualite-de-lair-ete-2018\/#primaryimage"},"thumbnailUrl":"https:\/\/vieagrenoble.fr\/wp-content\/uploads\/2018\/09\/20180829_065840.jpg","datePublished":"2018-09-19T17:12:25+00:00","dateModified":"2018-09-19T17:12:29+00:00","breadcrumb":{"@id":"https:\/\/vieagrenoble.fr\/index.php\/2018\/09\/19\/observatoire-qualite-de-lair-ete-2018\/#breadcrumb"},"inLanguage":"fr-FR","potentialAction":[{"@type":"ReadAction","target":["https:\/\/vieagrenoble.fr\/index.php\/2018\/09\/19\/observatoire-qualite-de-lair-ete-2018\/"]}]},{"@type":"ImageObject","inLanguage":"fr-FR","@id":"https:\/\/vieagrenoble.fr\/index.php\/2018\/09\/19\/observatoire-qualite-de-lair-ete-2018\/#primaryimage","url":"https:\/\/vieagrenoble.fr\/wp-content\/uploads\/2018\/09\/20180829_065840.jpg","contentUrl":"https:\/\/vieagrenoble.fr\/wp-content\/uploads\/2018\/09\/20180829_065840.jpg","width":4032,"height":2268,"caption":"Grenoble couch\u00e9 de soleil"},{"@type":"BreadcrumbList","@id":"https:\/\/vieagrenoble.fr\/index.php\/2018\/09\/19\/observatoire-qualite-de-lair-ete-2018\/#breadcrumb","itemListElement":[{"@type":"ListItem","position":1,"name":"Accueil","item":"https:\/\/vieagrenoble.fr\/"},{"@type":"ListItem","position":2,"name":"Observatoire qualit\u00e9 de l&rsquo;air &#8211; Et\u00e9 2018"}]},{"@type":"WebSite","@id":"https:\/\/vieagrenoble.fr\/#website","url":"https:\/\/vieagrenoble.fr\/","name":"Vie \u00e0 Grenoble","description":"Partageons les bonnes vibrations","publisher":{"@id":"https:\/\/vieagrenoble.fr\/#\/schema\/person\/797d1e0f926c2c9feaf65d24dd778967"},"potentialAction":[{"@type":"SearchAction","target":{"@type":"EntryPoint","urlTemplate":"https:\/\/vieagrenoble.fr\/?s={search_term_string}"},"query-input":{"@type":"PropertyValueSpecification","valueRequired":true,"valueName":"search_term_string"}}],"inLanguage":"fr-FR"},{"@type":["Person","Organization"],"@id":"https:\/\/vieagrenoble.fr\/#\/schema\/person\/797d1e0f926c2c9feaf65d24dd778967","name":"Vie \u00e0 Grenoble","image":{"@type":"ImageObject","inLanguage":"fr-FR","@id":"https:\/\/vieagrenoble.fr\/#\/schema\/person\/image\/","url":"https:\/\/vieagrenoble.fr\/wp-content\/uploads\/2017\/11\/VieAGrenoble.png","contentUrl":"https:\/\/vieagrenoble.fr\/wp-content\/uploads\/2017\/11\/VieAGrenoble.png","width":100,"height":100,"caption":"Vie \u00e0 Grenoble"},"logo":{"@id":"https:\/\/vieagrenoble.fr\/#\/schema\/person\/image\/"},"sameAs":["http:\/\/vieagrenoble.fr\/"],"url":"https:\/\/vieagrenoble.fr\/index.php\/author\/samyterje\/"}]}},"_links":{"self":[{"href":"https:\/\/vieagrenoble.fr\/index.php\/wp-json\/wp\/v2\/posts\/410","targetHints":{"allow":["GET"]}}],"collection":[{"href":"https:\/\/vieagrenoble.fr\/index.php\/wp-json\/wp\/v2\/posts"}],"about":[{"href":"https:\/\/vieagrenoble.fr\/index.php\/wp-json\/wp\/v2\/types\/post"}],"author":[{"embeddable":true,"href":"https:\/\/vieagrenoble.fr\/index.php\/wp-json\/wp\/v2\/users\/2"}],"replies":[{"embeddable":true,"href":"https:\/\/vieagrenoble.fr\/index.php\/wp-json\/wp\/v2\/comments?post=410"}],"version-history":[{"count":7,"href":"https:\/\/vieagrenoble.fr\/index.php\/wp-json\/wp\/v2\/posts\/410\/revisions"}],"predecessor-version":[{"id":423,"href":"https:\/\/vieagrenoble.fr\/index.php\/wp-json\/wp\/v2\/posts\/410\/revisions\/423"}],"wp:featuredmedia":[{"embeddable":true,"href":"https:\/\/vieagrenoble.fr\/index.php\/wp-json\/wp\/v2\/media\/419"}],"wp:attachment":[{"href":"https:\/\/vieagrenoble.fr\/index.php\/wp-json\/wp\/v2\/media?parent=410"}],"wp:term":[{"taxonomy":"category","embeddable":true,"href":"https:\/\/vieagrenoble.fr\/index.php\/wp-json\/wp\/v2\/categories?post=410"},{"taxonomy":"post_tag","embeddable":true,"href":"https:\/\/vieagrenoble.fr\/index.php\/wp-json\/wp\/v2\/tags?post=410"}],"curies":[{"name":"wp","href":"https:\/\/api.w.org\/{rel}","templated":true}]}}