{"id":369,"date":"2018-05-02T17:27:38","date_gmt":"2018-05-02T15:27:38","guid":{"rendered":"https:\/\/vieagrenoble.fr\/?p=369"},"modified":"2018-05-02T17:27:38","modified_gmt":"2018-05-02T15:27:38","slug":"observatoire-qualite-de-lair-mars-avril-2018-2","status":"publish","type":"post","link":"https:\/\/vieagrenoble.fr\/index.php\/2018\/05\/02\/observatoire-qualite-de-lair-mars-avril-2018-2\/","title":{"rendered":"Observatoire qualit\u00e9 de l&rsquo;air &#8211; Mars &#038; Avril 2018"},"content":{"rendered":"<p>Avec les mesures d&rsquo;<a href=\"http:\/\/www.air-rhonealpes.fr\/donnees\/acces-par-station\">Air Auvergne Rh\u00f4ne-Alpes<\/a>, voici le bilan pour avril sur 3 stations de l&rsquo;agglom\u00e9ration.\u00a0Comme chaque mois, toutes les donn\u00e9es et repr\u00e9sentations sont disponibles en lecture sur ce\u00a0<a href=\"https:\/\/goo.gl\/1XkaoW\">tableur partag\u00e9<\/a>. Vous pouvez les sauvegarder pour vous m\u00eame utiliser les donn\u00e9es d&rsquo;Air AURA et faire vos propres repr\u00e9sentations, ou refaire vous m\u00eame l&rsquo;extraction des donn\u00e9es en tableur sur <a href=\"https:\/\/www.atmo-auvergnerhonealpes.fr\/donnees\/telecharger\">cette page d&rsquo;Air AURA<\/a>.<\/p>\n<p>Ci-dessous la synth\u00e8se pour avril sous forme d&rsquo;un tableau comparant le mois courant, au mois pass\u00e9, au m\u00eame mois de l&rsquo;an pass\u00e9 et \u00e0 la moyenne depuis 10 ans. A noter que sur Avril 2018, la station Caserne de Bonne a eu des dysfonctionnement et des jours sans mesure. Du coup, aucune moyenne publi\u00e9e.<\/p>\n<p style=\"text-align: center;\"><img loading=\"lazy\" decoding=\"async\" class=\"size-full wp-image-371 aligncenter\" src=\"https:\/\/vieagrenoble.fr\/wp-content\/uploads\/2018\/05\/avril-2018.png\" alt=\"Observatoire avril 2018\" width=\"517\" height=\"453\" srcset=\"https:\/\/vieagrenoble.fr\/wp-content\/uploads\/2018\/05\/avril-2018.png 517w, https:\/\/vieagrenoble.fr\/wp-content\/uploads\/2018\/05\/avril-2018-300x263.png 300w, https:\/\/vieagrenoble.fr\/wp-content\/uploads\/2018\/05\/avril-2018-370x324.png 370w\" sizes=\"auto, (max-width: 517px) 100vw, 517px\" \/><\/p>\n<p>Ce mois ci, c&rsquo;est la rocade qui se d\u00e9grade et en particulier les particules fines. Par rapport \u00e0 l&rsquo;an pass\u00e9 ou la moyenne des 10 derni\u00e8res ann\u00e9es, les Grands Boulevards sont stables ou en am\u00e9lioration.<\/p>\n<p>L&rsquo;\u00e9volution temporelle du dioxyde d&rsquo;azote depuis 11 ans continue de montrer des variations mensuelles et saisonni\u00e8res selon la m\u00e9t\u00e9o. D\u00e8s le mois prochain nous pourrons comparer mois \u00e0 mois avec plus d&rsquo;un an apr\u00e8s la mise en place du nouveau plan de circulation au centre ville de Grenoble.<\/p>\n<p><img loading=\"lazy\" decoding=\"async\" class=\"size-full wp-image-372 aligncenter\" src=\"https:\/\/vieagrenoble.fr\/wp-content\/uploads\/2018\/05\/Grd-Boulevards-Avril-18.png\" alt=\"11 ans mensuel Grands Boulevards et moyenne Avril 2018\" width=\"850\" height=\"475\" srcset=\"https:\/\/vieagrenoble.fr\/wp-content\/uploads\/2018\/05\/Grd-Boulevards-Avril-18.png 850w, https:\/\/vieagrenoble.fr\/wp-content\/uploads\/2018\/05\/Grd-Boulevards-Avril-18-300x168.png 300w, https:\/\/vieagrenoble.fr\/wp-content\/uploads\/2018\/05\/Grd-Boulevards-Avril-18-768x429.png 768w, https:\/\/vieagrenoble.fr\/wp-content\/uploads\/2018\/05\/Grd-Boulevards-Avril-18-370x207.png 370w\" sizes=\"auto, (max-width: 850px) 100vw, 850px\" \/><\/p>\n<p><img loading=\"lazy\" decoding=\"async\" class=\"size-full wp-image-373 aligncenter\" src=\"https:\/\/vieagrenoble.fr\/wp-content\/uploads\/2018\/05\/Rocade-Sud-Avril-18.png\" alt=\"11 ans mensuel Rocade et moyenne Avril 18\" width=\"850\" height=\"475\" srcset=\"https:\/\/vieagrenoble.fr\/wp-content\/uploads\/2018\/05\/Rocade-Sud-Avril-18.png 850w, https:\/\/vieagrenoble.fr\/wp-content\/uploads\/2018\/05\/Rocade-Sud-Avril-18-300x168.png 300w, https:\/\/vieagrenoble.fr\/wp-content\/uploads\/2018\/05\/Rocade-Sud-Avril-18-768x429.png 768w, https:\/\/vieagrenoble.fr\/wp-content\/uploads\/2018\/05\/Rocade-Sud-Avril-18-370x207.png 370w\" sizes=\"auto, (max-width: 850px) 100vw, 850px\" \/><\/p>\n<p>En compl\u00e9ment, il est toujours int\u00e9ressant de lire <a href=\"https:\/\/www.atmo-auvergnerhonealpes.fr\/linfo-air-mars-2018\">la newsletter de Air AURA<\/a>. Celle de Mars nous propose la lecture du <a href=\"https:\/\/www.atmo-auvergnerhonealpes.fr\/fiche-bilan\/isere-le-bilan-du-1er-trimestre-2018\">bilan du 1er trimestre 2018 pour l&rsquo;Is\u00e8re<\/a>. On apprends par exemple que l&rsquo;indice de qualit\u00e9 de l&rsquo;air pour l&rsquo;agglom\u00e9ration de Grenoble est bon 85% du temps. Cela confirme les observations faites chaque mois ici m\u00eame.<\/p>\n<p><a href=\"https:\/\/www.atmo-auvergnerhonealpes.fr\/fiche-bilan\/isere-le-bilan-du-1er-trimestre-2018\"><img decoding=\"async\" class=\"aligncenter\" src=\"https:\/\/www.atmo-auvergnerhonealpes.fr\/sites\/ra\/files\/thumbnails\/image\/isere_indicesqa_t12018_0.jpg\" alt=\"Indice de qualit\u00e9 de l'air en Is\u00e8re pour le premier trimestre 2018\" width=\"700\" \/><\/a><\/p>\n<p>On apprends aussi que la vigilance pollution niveau jaune n&rsquo;a \u00e9t\u00e9 d\u00e9clench\u00e9 que 2 jours \u00e0 Grenoble cet hiver et que le passage au-dessus du seuil r\u00e9glementaire de 50 \u00b5g\/m<sup>3<\/sup>\u00a0en moyenne journali\u00e8re pour les PM10, n&rsquo;a \u00e9t\u00e9 franchi que 4 jours sur la rocade et 2 jours sur les grands boulevards. Bien s\u00fbre que c&rsquo;est d\u00e9j\u00e0 6 fois de trop, mais on est loin des 35 jours de d\u00e9passements\/an fix\u00e9s comme valeur limite. A suivre au cours du temps.<\/p>\n<p><a href=\"https:\/\/www.atmo-auvergnerhonealpes.fr\/fiche-bilan\/isere-le-bilan-du-1er-trimestre-2018\"><img decoding=\"async\" class=\"aligncenter\" src=\"https:\/\/www.atmo-auvergnerhonealpes.fr\/sites\/ra\/files\/thumbnails\/image\/isere_statistiques_reglementaire_t12018_0.jpg\" width=\"700\" \/><\/a><\/p>\n","protected":false},"excerpt":{"rendered":"<p>Avec les mesures d&rsquo;Air Auvergne Rh\u00f4ne-Alpes, voici le bilan pour avril sur 3 stations de l&rsquo;agglom\u00e9ration.\u00a0Comme chaque mois, toutes les donn\u00e9es et repr\u00e9sentations sont disponibles en lecture sur ce\u00a0tableur partag\u00e9. Vous pouvez les sauvegarder pour[&#8230;]<\/p>\n","protected":false},"author":2,"featured_media":378,"comment_status":"open","ping_status":"open","sticky":false,"template":"","format":"standard","meta":{"_exactmetrics_skip_tracking":false,"_exactmetrics_sitenote_active":false,"_exactmetrics_sitenote_note":"","_exactmetrics_sitenote_category":0,"footnotes":""},"categories":[24],"tags":[25,23],"class_list":["post-369","post","type-post","status-publish","format-standard","has-post-thumbnail","hentry","category-qualite-de-lair","tag-observatoire","tag-qualite-de-lair"],"yoast_head":"<!-- This site is optimized with the Yoast SEO plugin v26.8 - https:\/\/yoast.com\/product\/yoast-seo-wordpress\/ -->\n<title>Observatoire qualit\u00e9 de l&#039;air - Mars &amp; Avril 2018 - Vie \u00e0 Grenoble<\/title>\n<meta name=\"robots\" content=\"index, follow, max-snippet:-1, max-image-preview:large, max-video-preview:-1\" \/>\n<link rel=\"canonical\" href=\"https:\/\/vieagrenoble.fr\/index.php\/2018\/05\/02\/observatoire-qualite-de-lair-mars-avril-2018-2\/\" \/>\n<meta property=\"og:locale\" content=\"fr_FR\" \/>\n<meta property=\"og:type\" content=\"article\" \/>\n<meta property=\"og:title\" content=\"Observatoire qualit\u00e9 de l&#039;air - Mars &amp; Avril 2018 - Vie \u00e0 Grenoble\" \/>\n<meta property=\"og:description\" content=\"Avec les mesures d&rsquo;Air Auvergne Rh\u00f4ne-Alpes, voici le bilan pour avril sur 3 stations de l&rsquo;agglom\u00e9ration.\u00a0Comme chaque mois, toutes les donn\u00e9es et repr\u00e9sentations sont disponibles en lecture sur ce\u00a0tableur partag\u00e9. Vous pouvez les sauvegarder pour[...]\" \/>\n<meta property=\"og:url\" content=\"https:\/\/vieagrenoble.fr\/index.php\/2018\/05\/02\/observatoire-qualite-de-lair-mars-avril-2018-2\/\" \/>\n<meta property=\"og:site_name\" content=\"Vie \u00e0 Grenoble\" \/>\n<meta property=\"article:published_time\" content=\"2018-05-02T15:27:38+00:00\" \/>\n<meta property=\"og:image\" content=\"https:\/\/vieagrenoble.fr\/wp-content\/uploads\/2018\/05\/Grenoble-depuis-Lans-en-Vercors-27-novembre-2014-11h27.jpg\" \/>\n\t<meta property=\"og:image:width\" content=\"1186\" \/>\n\t<meta property=\"og:image:height\" content=\"582\" \/>\n\t<meta property=\"og:image:type\" content=\"image\/jpeg\" \/>\n<meta name=\"author\" content=\"Vie \u00e0 Grenoble\" \/>\n<meta name=\"twitter:card\" content=\"summary_large_image\" \/>\n<meta name=\"twitter:label1\" content=\"\u00c9crit par\" \/>\n\t<meta name=\"twitter:data1\" content=\"Vie \u00e0 Grenoble\" \/>\n\t<meta name=\"twitter:label2\" content=\"Dur\u00e9e de lecture estim\u00e9e\" \/>\n\t<meta name=\"twitter:data2\" content=\"2 minutes\" \/>\n<script type=\"application\/ld+json\" class=\"yoast-schema-graph\">{\"@context\":\"https:\/\/schema.org\",\"@graph\":[{\"@type\":\"Article\",\"@id\":\"https:\/\/vieagrenoble.fr\/index.php\/2018\/05\/02\/observatoire-qualite-de-lair-mars-avril-2018-2\/#article\",\"isPartOf\":{\"@id\":\"https:\/\/vieagrenoble.fr\/index.php\/2018\/05\/02\/observatoire-qualite-de-lair-mars-avril-2018-2\/\"},\"author\":{\"name\":\"Vie \u00e0 Grenoble\",\"@id\":\"https:\/\/vieagrenoble.fr\/#\/schema\/person\/797d1e0f926c2c9feaf65d24dd778967\"},\"headline\":\"Observatoire qualit\u00e9 de l&rsquo;air &#8211; Mars &#038; Avril 2018\",\"datePublished\":\"2018-05-02T15:27:38+00:00\",\"mainEntityOfPage\":{\"@id\":\"https:\/\/vieagrenoble.fr\/index.php\/2018\/05\/02\/observatoire-qualite-de-lair-mars-avril-2018-2\/\"},\"wordCount\":381,\"commentCount\":0,\"publisher\":{\"@id\":\"https:\/\/vieagrenoble.fr\/#\/schema\/person\/797d1e0f926c2c9feaf65d24dd778967\"},\"image\":{\"@id\":\"https:\/\/vieagrenoble.fr\/index.php\/2018\/05\/02\/observatoire-qualite-de-lair-mars-avril-2018-2\/#primaryimage\"},\"thumbnailUrl\":\"https:\/\/vieagrenoble.fr\/wp-content\/uploads\/2018\/05\/Grenoble-depuis-Lans-en-Vercors-27-novembre-2014-11h27.jpg\",\"keywords\":[\"Observatoire\",\"Qualit\u00e9 de l'air\"],\"articleSection\":[\"Qualit\u00e9 de l'air\"],\"inLanguage\":\"fr-FR\",\"potentialAction\":[{\"@type\":\"CommentAction\",\"name\":\"Comment\",\"target\":[\"https:\/\/vieagrenoble.fr\/index.php\/2018\/05\/02\/observatoire-qualite-de-lair-mars-avril-2018-2\/#respond\"]}]},{\"@type\":\"WebPage\",\"@id\":\"https:\/\/vieagrenoble.fr\/index.php\/2018\/05\/02\/observatoire-qualite-de-lair-mars-avril-2018-2\/\",\"url\":\"https:\/\/vieagrenoble.fr\/index.php\/2018\/05\/02\/observatoire-qualite-de-lair-mars-avril-2018-2\/\",\"name\":\"Observatoire qualit\u00e9 de l'air - Mars & Avril 2018 - Vie \u00e0 Grenoble\",\"isPartOf\":{\"@id\":\"https:\/\/vieagrenoble.fr\/#website\"},\"primaryImageOfPage\":{\"@id\":\"https:\/\/vieagrenoble.fr\/index.php\/2018\/05\/02\/observatoire-qualite-de-lair-mars-avril-2018-2\/#primaryimage\"},\"image\":{\"@id\":\"https:\/\/vieagrenoble.fr\/index.php\/2018\/05\/02\/observatoire-qualite-de-lair-mars-avril-2018-2\/#primaryimage\"},\"thumbnailUrl\":\"https:\/\/vieagrenoble.fr\/wp-content\/uploads\/2018\/05\/Grenoble-depuis-Lans-en-Vercors-27-novembre-2014-11h27.jpg\",\"datePublished\":\"2018-05-02T15:27:38+00:00\",\"breadcrumb\":{\"@id\":\"https:\/\/vieagrenoble.fr\/index.php\/2018\/05\/02\/observatoire-qualite-de-lair-mars-avril-2018-2\/#breadcrumb\"},\"inLanguage\":\"fr-FR\",\"potentialAction\":[{\"@type\":\"ReadAction\",\"target\":[\"https:\/\/vieagrenoble.fr\/index.php\/2018\/05\/02\/observatoire-qualite-de-lair-mars-avril-2018-2\/\"]}]},{\"@type\":\"ImageObject\",\"inLanguage\":\"fr-FR\",\"@id\":\"https:\/\/vieagrenoble.fr\/index.php\/2018\/05\/02\/observatoire-qualite-de-lair-mars-avril-2018-2\/#primaryimage\",\"url\":\"https:\/\/vieagrenoble.fr\/wp-content\/uploads\/2018\/05\/Grenoble-depuis-Lans-en-Vercors-27-novembre-2014-11h27.jpg\",\"contentUrl\":\"https:\/\/vieagrenoble.fr\/wp-content\/uploads\/2018\/05\/Grenoble-depuis-Lans-en-Vercors-27-novembre-2014-11h27.jpg\",\"width\":1186,\"height\":582,\"caption\":\"Grenoble depuis le Vercors\"},{\"@type\":\"BreadcrumbList\",\"@id\":\"https:\/\/vieagrenoble.fr\/index.php\/2018\/05\/02\/observatoire-qualite-de-lair-mars-avril-2018-2\/#breadcrumb\",\"itemListElement\":[{\"@type\":\"ListItem\",\"position\":1,\"name\":\"Accueil\",\"item\":\"https:\/\/vieagrenoble.fr\/\"},{\"@type\":\"ListItem\",\"position\":2,\"name\":\"Observatoire qualit\u00e9 de l&rsquo;air &#8211; Mars &#038; Avril 2018\"}]},{\"@type\":\"WebSite\",\"@id\":\"https:\/\/vieagrenoble.fr\/#website\",\"url\":\"https:\/\/vieagrenoble.fr\/\",\"name\":\"Vie \u00e0 Grenoble\",\"description\":\"Partageons les bonnes vibrations\",\"publisher\":{\"@id\":\"https:\/\/vieagrenoble.fr\/#\/schema\/person\/797d1e0f926c2c9feaf65d24dd778967\"},\"potentialAction\":[{\"@type\":\"SearchAction\",\"target\":{\"@type\":\"EntryPoint\",\"urlTemplate\":\"https:\/\/vieagrenoble.fr\/?s={search_term_string}\"},\"query-input\":{\"@type\":\"PropertyValueSpecification\",\"valueRequired\":true,\"valueName\":\"search_term_string\"}}],\"inLanguage\":\"fr-FR\"},{\"@type\":[\"Person\",\"Organization\"],\"@id\":\"https:\/\/vieagrenoble.fr\/#\/schema\/person\/797d1e0f926c2c9feaf65d24dd778967\",\"name\":\"Vie \u00e0 Grenoble\",\"image\":{\"@type\":\"ImageObject\",\"inLanguage\":\"fr-FR\",\"@id\":\"https:\/\/vieagrenoble.fr\/#\/schema\/person\/image\/\",\"url\":\"https:\/\/vieagrenoble.fr\/wp-content\/uploads\/2017\/11\/VieAGrenoble.png\",\"contentUrl\":\"https:\/\/vieagrenoble.fr\/wp-content\/uploads\/2017\/11\/VieAGrenoble.png\",\"width\":100,\"height\":100,\"caption\":\"Vie \u00e0 Grenoble\"},\"logo\":{\"@id\":\"https:\/\/vieagrenoble.fr\/#\/schema\/person\/image\/\"},\"sameAs\":[\"http:\/\/vieagrenoble.fr\/\"],\"url\":\"https:\/\/vieagrenoble.fr\/index.php\/author\/samyterje\/\"}]}<\/script>\n<!-- \/ Yoast SEO plugin. -->","yoast_head_json":{"title":"Observatoire qualit\u00e9 de l'air - Mars & Avril 2018 - Vie \u00e0 Grenoble","robots":{"index":"index","follow":"follow","max-snippet":"max-snippet:-1","max-image-preview":"max-image-preview:large","max-video-preview":"max-video-preview:-1"},"canonical":"https:\/\/vieagrenoble.fr\/index.php\/2018\/05\/02\/observatoire-qualite-de-lair-mars-avril-2018-2\/","og_locale":"fr_FR","og_type":"article","og_title":"Observatoire qualit\u00e9 de l'air - Mars & Avril 2018 - Vie \u00e0 Grenoble","og_description":"Avec les mesures d&rsquo;Air Auvergne Rh\u00f4ne-Alpes, voici le bilan pour avril sur 3 stations de l&rsquo;agglom\u00e9ration.\u00a0Comme chaque mois, toutes les donn\u00e9es et repr\u00e9sentations sont disponibles en lecture sur ce\u00a0tableur partag\u00e9. Vous pouvez les sauvegarder pour[...]","og_url":"https:\/\/vieagrenoble.fr\/index.php\/2018\/05\/02\/observatoire-qualite-de-lair-mars-avril-2018-2\/","og_site_name":"Vie \u00e0 Grenoble","article_published_time":"2018-05-02T15:27:38+00:00","og_image":[{"width":1186,"height":582,"url":"https:\/\/vieagrenoble.fr\/wp-content\/uploads\/2018\/05\/Grenoble-depuis-Lans-en-Vercors-27-novembre-2014-11h27.jpg","type":"image\/jpeg"}],"author":"Vie \u00e0 Grenoble","twitter_card":"summary_large_image","twitter_misc":{"\u00c9crit par":"Vie \u00e0 Grenoble","Dur\u00e9e de lecture estim\u00e9e":"2 minutes"},"schema":{"@context":"https:\/\/schema.org","@graph":[{"@type":"Article","@id":"https:\/\/vieagrenoble.fr\/index.php\/2018\/05\/02\/observatoire-qualite-de-lair-mars-avril-2018-2\/#article","isPartOf":{"@id":"https:\/\/vieagrenoble.fr\/index.php\/2018\/05\/02\/observatoire-qualite-de-lair-mars-avril-2018-2\/"},"author":{"name":"Vie \u00e0 Grenoble","@id":"https:\/\/vieagrenoble.fr\/#\/schema\/person\/797d1e0f926c2c9feaf65d24dd778967"},"headline":"Observatoire qualit\u00e9 de l&rsquo;air &#8211; Mars &#038; Avril 2018","datePublished":"2018-05-02T15:27:38+00:00","mainEntityOfPage":{"@id":"https:\/\/vieagrenoble.fr\/index.php\/2018\/05\/02\/observatoire-qualite-de-lair-mars-avril-2018-2\/"},"wordCount":381,"commentCount":0,"publisher":{"@id":"https:\/\/vieagrenoble.fr\/#\/schema\/person\/797d1e0f926c2c9feaf65d24dd778967"},"image":{"@id":"https:\/\/vieagrenoble.fr\/index.php\/2018\/05\/02\/observatoire-qualite-de-lair-mars-avril-2018-2\/#primaryimage"},"thumbnailUrl":"https:\/\/vieagrenoble.fr\/wp-content\/uploads\/2018\/05\/Grenoble-depuis-Lans-en-Vercors-27-novembre-2014-11h27.jpg","keywords":["Observatoire","Qualit\u00e9 de l'air"],"articleSection":["Qualit\u00e9 de l'air"],"inLanguage":"fr-FR","potentialAction":[{"@type":"CommentAction","name":"Comment","target":["https:\/\/vieagrenoble.fr\/index.php\/2018\/05\/02\/observatoire-qualite-de-lair-mars-avril-2018-2\/#respond"]}]},{"@type":"WebPage","@id":"https:\/\/vieagrenoble.fr\/index.php\/2018\/05\/02\/observatoire-qualite-de-lair-mars-avril-2018-2\/","url":"https:\/\/vieagrenoble.fr\/index.php\/2018\/05\/02\/observatoire-qualite-de-lair-mars-avril-2018-2\/","name":"Observatoire qualit\u00e9 de l'air - Mars & Avril 2018 - Vie \u00e0 Grenoble","isPartOf":{"@id":"https:\/\/vieagrenoble.fr\/#website"},"primaryImageOfPage":{"@id":"https:\/\/vieagrenoble.fr\/index.php\/2018\/05\/02\/observatoire-qualite-de-lair-mars-avril-2018-2\/#primaryimage"},"image":{"@id":"https:\/\/vieagrenoble.fr\/index.php\/2018\/05\/02\/observatoire-qualite-de-lair-mars-avril-2018-2\/#primaryimage"},"thumbnailUrl":"https:\/\/vieagrenoble.fr\/wp-content\/uploads\/2018\/05\/Grenoble-depuis-Lans-en-Vercors-27-novembre-2014-11h27.jpg","datePublished":"2018-05-02T15:27:38+00:00","breadcrumb":{"@id":"https:\/\/vieagrenoble.fr\/index.php\/2018\/05\/02\/observatoire-qualite-de-lair-mars-avril-2018-2\/#breadcrumb"},"inLanguage":"fr-FR","potentialAction":[{"@type":"ReadAction","target":["https:\/\/vieagrenoble.fr\/index.php\/2018\/05\/02\/observatoire-qualite-de-lair-mars-avril-2018-2\/"]}]},{"@type":"ImageObject","inLanguage":"fr-FR","@id":"https:\/\/vieagrenoble.fr\/index.php\/2018\/05\/02\/observatoire-qualite-de-lair-mars-avril-2018-2\/#primaryimage","url":"https:\/\/vieagrenoble.fr\/wp-content\/uploads\/2018\/05\/Grenoble-depuis-Lans-en-Vercors-27-novembre-2014-11h27.jpg","contentUrl":"https:\/\/vieagrenoble.fr\/wp-content\/uploads\/2018\/05\/Grenoble-depuis-Lans-en-Vercors-27-novembre-2014-11h27.jpg","width":1186,"height":582,"caption":"Grenoble depuis le Vercors"},{"@type":"BreadcrumbList","@id":"https:\/\/vieagrenoble.fr\/index.php\/2018\/05\/02\/observatoire-qualite-de-lair-mars-avril-2018-2\/#breadcrumb","itemListElement":[{"@type":"ListItem","position":1,"name":"Accueil","item":"https:\/\/vieagrenoble.fr\/"},{"@type":"ListItem","position":2,"name":"Observatoire qualit\u00e9 de l&rsquo;air &#8211; Mars &#038; Avril 2018"}]},{"@type":"WebSite","@id":"https:\/\/vieagrenoble.fr\/#website","url":"https:\/\/vieagrenoble.fr\/","name":"Vie \u00e0 Grenoble","description":"Partageons les bonnes vibrations","publisher":{"@id":"https:\/\/vieagrenoble.fr\/#\/schema\/person\/797d1e0f926c2c9feaf65d24dd778967"},"potentialAction":[{"@type":"SearchAction","target":{"@type":"EntryPoint","urlTemplate":"https:\/\/vieagrenoble.fr\/?s={search_term_string}"},"query-input":{"@type":"PropertyValueSpecification","valueRequired":true,"valueName":"search_term_string"}}],"inLanguage":"fr-FR"},{"@type":["Person","Organization"],"@id":"https:\/\/vieagrenoble.fr\/#\/schema\/person\/797d1e0f926c2c9feaf65d24dd778967","name":"Vie \u00e0 Grenoble","image":{"@type":"ImageObject","inLanguage":"fr-FR","@id":"https:\/\/vieagrenoble.fr\/#\/schema\/person\/image\/","url":"https:\/\/vieagrenoble.fr\/wp-content\/uploads\/2017\/11\/VieAGrenoble.png","contentUrl":"https:\/\/vieagrenoble.fr\/wp-content\/uploads\/2017\/11\/VieAGrenoble.png","width":100,"height":100,"caption":"Vie \u00e0 Grenoble"},"logo":{"@id":"https:\/\/vieagrenoble.fr\/#\/schema\/person\/image\/"},"sameAs":["http:\/\/vieagrenoble.fr\/"],"url":"https:\/\/vieagrenoble.fr\/index.php\/author\/samyterje\/"}]}},"_links":{"self":[{"href":"https:\/\/vieagrenoble.fr\/index.php\/wp-json\/wp\/v2\/posts\/369","targetHints":{"allow":["GET"]}}],"collection":[{"href":"https:\/\/vieagrenoble.fr\/index.php\/wp-json\/wp\/v2\/posts"}],"about":[{"href":"https:\/\/vieagrenoble.fr\/index.php\/wp-json\/wp\/v2\/types\/post"}],"author":[{"embeddable":true,"href":"https:\/\/vieagrenoble.fr\/index.php\/wp-json\/wp\/v2\/users\/2"}],"replies":[{"embeddable":true,"href":"https:\/\/vieagrenoble.fr\/index.php\/wp-json\/wp\/v2\/comments?post=369"}],"version-history":[{"count":5,"href":"https:\/\/vieagrenoble.fr\/index.php\/wp-json\/wp\/v2\/posts\/369\/revisions"}],"predecessor-version":[{"id":380,"href":"https:\/\/vieagrenoble.fr\/index.php\/wp-json\/wp\/v2\/posts\/369\/revisions\/380"}],"wp:featuredmedia":[{"embeddable":true,"href":"https:\/\/vieagrenoble.fr\/index.php\/wp-json\/wp\/v2\/media\/378"}],"wp:attachment":[{"href":"https:\/\/vieagrenoble.fr\/index.php\/wp-json\/wp\/v2\/media?parent=369"}],"wp:term":[{"taxonomy":"category","embeddable":true,"href":"https:\/\/vieagrenoble.fr\/index.php\/wp-json\/wp\/v2\/categories?post=369"},{"taxonomy":"post_tag","embeddable":true,"href":"https:\/\/vieagrenoble.fr\/index.php\/wp-json\/wp\/v2\/tags?post=369"}],"curies":[{"name":"wp","href":"https:\/\/api.w.org\/{rel}","templated":true}]}}